{"id":8578,"date":"2026-09-01T21:39:11","date_gmt":"2026-09-02T00:39:11","guid":{"rendered":"https:\/\/isp-sal.infd.edu.ar\/sitio\/?p=8578"},"modified":"2026-09-01T21:39:31","modified_gmt":"2026-09-02T00:39:31","slug":"xiv-encuentro-provincial-de-practicas-y-residencias-educativas","status":"publish","type":"post","link":"https:\/\/isp-sal.infd.edu.ar\/sitio\/xiv-encuentro-provincial-de-practicas-y-residencias-educativas\/","title":{"rendered":"XIV Encuentro Provincial de Pr\u00e1cticas y Residencias Educativas"},"content":{"rendered":"\n<p><strong>Estimados alumnos:<\/strong><br>Quienes participen en este Encuentro Provincial deben registrarse a trav\u00e9s del siguiente formulario institucional para poder gestionar los seguros correspondientes. En caso de no hacerlo, no podr\u00e1n hacerlo debido a que no contar\u00e1n con el seguro habilitado para dicho d\u00eda.<br>Les recordamos tambi\u00e9n que para asistir al mismo, deben hacerlo con un Docente a cargo .<br>Registro :<a href=\" https:\/\/forms.gle\/XEyzGgpprpWSdJLF9\"> https:\/\/forms.gle\/XEyzGgpprpWSdJLF9<\/a><\/p>\n","protected":false},"excerpt":{"rendered":"<p>Estimados alumnos:Quienes participen en este Encuentro Provincial deben registrarse a trav\u00e9s del siguiente formulario institucional para poder gestionar los seguros correspondientes. En caso de no hacerlo, no podr\u00e1n hacerlo debido a que no contar\u00e1n con el seguro habilitado para dicho d\u00eda.Les recordamos tambi\u00e9n que para asistir al mismo, deben hacerlo con un Docente a cargo &#8230; <a title=\"XIV Encuentro Provincial de Pr\u00e1cticas y Residencias Educativas\" class=\"read-more\" href=\"https:\/\/isp-sal.infd.edu.ar\/sitio\/xiv-encuentro-provincial-de-practicas-y-residencias-educativas\/\" aria-label=\"More on XIV Encuentro Provincial de Pr\u00e1cticas y Residencias Educativas\">[+]<\/a><\/p>\n","protected":false},"author":1526,"featured_media":8579,"comment_status":"closed","ping_status":"closed","sticky":false,"template":"","format":"standard","meta":[],"categories":[7],"tags":[],"acf":[],"_links":{"self":[{"href":"https:\/\/isp-sal.infd.edu.ar\/sitio\/wp-json\/wp\/v2\/posts\/8578"}],"collection":[{"href":"https:\/\/isp-sal.infd.edu.ar\/sitio\/wp-json\/wp\/v2\/posts"}],"about":[{"href":"https:\/\/isp-sal.infd.edu.ar\/sitio\/wp-json\/wp\/v2\/types\/post"}],"author":[{"embeddable":true,"href":"https:\/\/isp-sal.infd.edu.ar\/sitio\/wp-json\/wp\/v2\/users\/1526"}],"replies":[{"embeddable":true,"href":"https:\/\/isp-sal.infd.edu.ar\/sitio\/wp-json\/wp\/v2\/comments?post=8578"}],"version-history":[{"count":2,"href":"https:\/\/isp-sal.infd.edu.ar\/sitio\/wp-json\/wp\/v2\/posts\/8578\/revisions"}],"predecessor-version":[{"id":8581,"href":"https:\/\/isp-sal.infd.edu.ar\/sitio\/wp-json\/wp\/v2\/posts\/8578\/revisions\/8581"}],"wp:featuredmedia":[{"embeddable":true,"href":"https:\/\/isp-sal.infd.edu.ar\/sitio\/wp-json\/wp\/v2\/media\/8579"}],"wp:attachment":[{"href":"https:\/\/isp-sal.infd.edu.ar\/sitio\/wp-json\/wp\/v2\/media?parent=8578"}],"wp:term":[{"taxonomy":"category","embeddable":true,"href":"https:\/\/isp-sal.infd.edu.ar\/sitio\/wp-json\/wp\/v2\/categories?post=8578"},{"taxonomy":"post_tag","embeddable":true,"href":"https:\/\/isp-sal.infd.edu.ar\/sitio\/wp-json\/wp\/v2\/tags?post=8578"}],"curies":[{"name":"wp","href":"https:\/\/api.w.org\/{rel}","templated":true}]}}